{"id":8171,"date":"2019-09-02T10:20:26","date_gmt":"2019-09-02T08:20:26","guid":{"rendered":"http:\/\/ckiw-tarnow.ohp.pl\/?p=8171"},"modified":"2019-09-02T10:20:27","modified_gmt":"2019-09-02T08:20:27","slug":"nowy-rok-nowe-cele","status":"publish","type":"post","link":"https:\/\/ckiw-tarnow.ohp.pl\/index.php\/2019\/09\/02\/nowy-rok-nowe-cele\/","title":{"rendered":"Nowy rok, nowe cele"},"content":{"rendered":"\n<p>Za nami rozpocz\u0119cie roku szkolnego 2019\/2020. Na wst\u0119pie pani Dyrektor Anna Bieniasz przywita\u0142a zgromadzonych oraz przedstawi\u0142a grono pedagogiczne \u00a0Kolejno g\u0142os zabrali Dyrektor CKiW OHP Andrzej Mizera oraz ksi\u0105dz Piotr Pasek \u017cycz\u0105c wszystkim cierpliwo\u015bci i konsekwencji w d\u0105\u017ceniu do celu. Po zako\u0144czonym spotkaniu inauguracyjnym wszyscy udali si\u0119 do swoich klas.<\/p>\n\n\n\n<figure class=\"wp-block-image\"><img decoding=\"async\" src=\"https:\/\/ckiw-tarnow.ohp.pl\/wp-content\/uploads\/2019\/09\/DSCN1852-1024x768.jpg\" alt=\"\" class=\"wp-image-8172\"\/><\/figure>\n\n\n\n<figure class=\"wp-block-image\"><img decoding=\"async\" src=\"https:\/\/ckiw-tarnow.ohp.pl\/wp-content\/uploads\/2019\/09\/DSCN1853-1024x768.jpg\" alt=\"\" class=\"wp-image-8173\"\/><\/figure>\n\n\n\n<figure class=\"wp-block-image\"><img decoding=\"async\" src=\"https:\/\/ckiw-tarnow.ohp.pl\/wp-content\/uploads\/2019\/09\/DSCN1866-1024x768.jpg\" alt=\"\" class=\"wp-image-8177\"\/><\/figure>\n\n\n\n<figure class=\"wp-block-image\"><img decoding=\"async\" src=\"https:\/\/ckiw-tarnow.ohp.pl\/wp-content\/uploads\/2019\/09\/DSCN1859-1024x768.jpg\" alt=\"\" class=\"wp-image-8176\"\/><\/figure>\n\n\n\n<figure class=\"wp-block-image\"><img decoding=\"async\" src=\"https:\/\/ckiw-tarnow.ohp.pl\/wp-content\/uploads\/2019\/09\/DSCN1857-1024x768.jpg\" alt=\"\" class=\"wp-image-8175\"\/><\/figure>\n","protected":false},"excerpt":{"rendered":"<p>Za nami rozpocz\u0119cie roku szkolnego 2019\/2020. Na wst\u0119pie pani Dyrektor Anna Bieniasz przywita\u0142a zgromadzonych oraz przedstawi\u0142a grono pedagogiczne \u00a0Kolejno g\u0142os zabrali Dyrektor CKiW OHP Andrzej Mizera oraz ksi\u0105dz Piotr Pasek \u017cycz\u0105c wszystkim cierpliwo\u015bci i konsekwencji w d\u0105\u017ceniu do celu. Po zako\u0144czonym spotkaniu inauguracyjnym wszyscy udali si\u0119 do swoich klas.<\/p>\n","protected":false},"author":8,"featured_media":0,"comment_status":"closed","ping_status":"closed","sticky":false,"template":"","format":"standard","meta":{"footnotes":""},"categories":[2],"tags":[],"class_list":["post-8171","post","type-post","status-publish","format-standard","hentry","category-aktualnosci"],"_links":{"self":[{"href":"https:\/\/ckiw-tarnow.ohp.pl\/index.php\/wp-json\/wp\/v2\/posts\/8171","targetHints":{"allow":["GET"]}}],"collection":[{"href":"https:\/\/ckiw-tarnow.ohp.pl\/index.php\/wp-json\/wp\/v2\/posts"}],"about":[{"href":"https:\/\/ckiw-tarnow.ohp.pl\/index.php\/wp-json\/wp\/v2\/types\/post"}],"author":[{"embeddable":true,"href":"https:\/\/ckiw-tarnow.ohp.pl\/index.php\/wp-json\/wp\/v2\/users\/8"}],"replies":[{"embeddable":true,"href":"https:\/\/ckiw-tarnow.ohp.pl\/index.php\/wp-json\/wp\/v2\/comments?post=8171"}],"version-history":[{"count":1,"href":"https:\/\/ckiw-tarnow.ohp.pl\/index.php\/wp-json\/wp\/v2\/posts\/8171\/revisions"}],"predecessor-version":[{"id":8178,"href":"https:\/\/ckiw-tarnow.ohp.pl\/index.php\/wp-json\/wp\/v2\/posts\/8171\/revisions\/8178"}],"wp:attachment":[{"href":"https:\/\/ckiw-tarnow.ohp.pl\/index.php\/wp-json\/wp\/v2\/media?parent=8171"}],"wp:term":[{"taxonomy":"category","embeddable":true,"href":"https:\/\/ckiw-tarnow.ohp.pl\/index.php\/wp-json\/wp\/v2\/categories?post=8171"},{"taxonomy":"post_tag","embeddable":true,"href":"https:\/\/ckiw-tarnow.ohp.pl\/index.php\/wp-json\/wp\/v2\/tags?post=8171"}],"curies":[{"name":"wp","href":"https:\/\/api.w.org\/{rel}","templated":true}]}}