{"id":8426,"date":"2019-10-11T10:53:17","date_gmt":"2019-10-11T08:53:17","guid":{"rendered":"http:\/\/ckiw-tarnow.ohp.pl\/?p=8426"},"modified":"2019-10-11T11:07:31","modified_gmt":"2019-10-11T09:07:31","slug":"8426","status":"publish","type":"post","link":"https:\/\/ckiw-tarnow.ohp.pl\/index.php\/2019\/10\/11\/8426\/","title":{"rendered":"&#8222;Pi\u0142sudski&#8221; &#8211; ko\u0142o historyczne na seansie filmowym"},"content":{"rendered":"\n<p>Uczestnicy ko\u0142a historycznego im. Gen. W\u0142adys\u0142awa Andersa, dzia\u0142aj\u0105cego przy tarnowskim Centrum, wybrali si\u0119 do kina na projekcje filmu pt. \u201ePi\u0142sudski\u201d. <\/p>\n\n\n\n<p>Film ten stanowi nie tylko szkolny wyk\u0142ad na temat \u017cycia i dzia\u0142alno\u015bci wielkiego wodza i patrioty, ale jest r\u00f3wnie\u017c multimedialnym suplementem do lekcji historii.<\/p>\n\n\n\n<p>Scenariusz filmu opowiada o &nbsp;\u017cyciu &nbsp;\u201eZiuka\u201d; od ucieczki ze szpitala psychiatrycznego w Petersburgu \u2013 gdzie p\u00f3\u017aniejszy Komendant trafi\u0142 udaj\u0105c chorob\u0119 psychiczn\u0105 \u2013 a\u017c do odzyskania przez Polsk\u0119 niepodleg\u0142o\u015bci.<\/p>\n\n\n\n<p>M\u0142odzie\u017c\npozna\u0142a biografi\u0119 najwi\u0119kszego polskiego narodowego bohatera w historii\nPolski.<\/p>\n\n\n\n<figure class=\"wp-block-image\"><img loading=\"lazy\" decoding=\"async\" width=\"500\" height=\"722\" src=\"https:\/\/ckiw-tarnow.ohp.pl\/wp-content\/uploads\/2019\/10\/7890634.3.jpg\" alt=\"\" class=\"wp-image-8427\" srcset=\"https:\/\/ckiw-tarnow.ohp.pl\/wp-content\/uploads\/2019\/10\/7890634.3.jpg 500w, https:\/\/ckiw-tarnow.ohp.pl\/wp-content\/uploads\/2019\/10\/7890634.3-208x300.jpg 208w\" sizes=\"auto, (max-width: 500px) 100vw, 500px\" \/><\/figure>\n\n\n\n<figure class=\"wp-block-image\"><img loading=\"lazy\" decoding=\"async\" width=\"963\" height=\"1024\" src=\"https:\/\/ckiw-tarnow.ohp.pl\/wp-content\/uploads\/2019\/10\/2-963x1024.jpg\" alt=\"\" class=\"wp-image-8433\" srcset=\"https:\/\/ckiw-tarnow.ohp.pl\/wp-content\/uploads\/2019\/10\/2-963x1024.jpg 963w, https:\/\/ckiw-tarnow.ohp.pl\/wp-content\/uploads\/2019\/10\/2-282x300.jpg 282w, https:\/\/ckiw-tarnow.ohp.pl\/wp-content\/uploads\/2019\/10\/2-768x817.jpg 768w, https:\/\/ckiw-tarnow.ohp.pl\/wp-content\/uploads\/2019\/10\/2.jpg 1844w\" sizes=\"auto, (max-width: 963px) 100vw, 963px\" \/><\/figure>\n\n\n","protected":false},"excerpt":{"rendered":"<p>Uczestnicy ko\u0142a historycznego im. Gen. W\u0142adys\u0142awa Andersa, dzia\u0142aj\u0105cego przy tarnowskim Centrum, wybrali si\u0119 do kina na projekcje filmu pt. \u201ePi\u0142sudski\u201d. Film ten stanowi nie tylko szkolny wyk\u0142ad na temat \u017cycia i dzia\u0142alno\u015bci wielkiego wodza i patrioty, ale jest r\u00f3wnie\u017c multimedialnym suplementem do lekcji historii. Scenariusz filmu opowiada o &nbsp;\u017cyciu &nbsp;\u201eZiuka\u201d; od ucieczki ze szpitala psychiatrycznego [&hellip;]<\/p>\n","protected":false},"author":8,"featured_media":8436,"comment_status":"closed","ping_status":"closed","sticky":false,"template":"","format":"standard","meta":{"footnotes":""},"categories":[2],"tags":[],"class_list":["post-8426","post","type-post","status-publish","format-standard","has-post-thumbnail","hentry","category-aktualnosci"],"_links":{"self":[{"href":"https:\/\/ckiw-tarnow.ohp.pl\/index.php\/wp-json\/wp\/v2\/posts\/8426","targetHints":{"allow":["GET"]}}],"collection":[{"href":"https:\/\/ckiw-tarnow.ohp.pl\/index.php\/wp-json\/wp\/v2\/posts"}],"about":[{"href":"https:\/\/ckiw-tarnow.ohp.pl\/index.php\/wp-json\/wp\/v2\/types\/post"}],"author":[{"embeddable":true,"href":"https:\/\/ckiw-tarnow.ohp.pl\/index.php\/wp-json\/wp\/v2\/users\/8"}],"replies":[{"embeddable":true,"href":"https:\/\/ckiw-tarnow.ohp.pl\/index.php\/wp-json\/wp\/v2\/comments?post=8426"}],"version-history":[{"count":6,"href":"https:\/\/ckiw-tarnow.ohp.pl\/index.php\/wp-json\/wp\/v2\/posts\/8426\/revisions"}],"predecessor-version":[{"id":8438,"href":"https:\/\/ckiw-tarnow.ohp.pl\/index.php\/wp-json\/wp\/v2\/posts\/8426\/revisions\/8438"}],"wp:featuredmedia":[{"embeddable":true,"href":"https:\/\/ckiw-tarnow.ohp.pl\/index.php\/wp-json\/wp\/v2\/media\/8436"}],"wp:attachment":[{"href":"https:\/\/ckiw-tarnow.ohp.pl\/index.php\/wp-json\/wp\/v2\/media?parent=8426"}],"wp:term":[{"taxonomy":"category","embeddable":true,"href":"https:\/\/ckiw-tarnow.ohp.pl\/index.php\/wp-json\/wp\/v2\/categories?post=8426"},{"taxonomy":"post_tag","embeddable":true,"href":"https:\/\/ckiw-tarnow.ohp.pl\/index.php\/wp-json\/wp\/v2\/tags?post=8426"}],"curies":[{"name":"wp","href":"https:\/\/api.w.org\/{rel}","templated":true}]}}