{"id":8952,"date":"2020-01-09T14:26:24","date_gmt":"2020-01-09T13:26:24","guid":{"rendered":"http:\/\/ckiw-tarnow.ohp.pl\/?p=8952"},"modified":"2020-01-09T15:41:08","modified_gmt":"2020-01-09T14:41:08","slug":"remont-swietlicy-w-internacie","status":"publish","type":"post","link":"https:\/\/ckiw-tarnow.ohp.pl\/index.php\/2020\/01\/09\/remont-swietlicy-w-internacie\/","title":{"rendered":"Remont \u015bwietlicy w internacie"},"content":{"rendered":"\n<p>Pe\u0142n\u0105 par\u0105 ruszy\u0142 remont \u015bwietlicy \u015brodowiskowej w Centrum Kszta\u0142cenia i Wychowania OHP w Tarnowie. \u015aciany zostan\u0105 wyg\u0142adzone i uzyskaj\u0105 nowy kolor, po\u0142o\u017cona zostanie fototapeta. Wstawione zostan\u0105 nowe meble, powstanie strefa relaksu, w kt\u00f3rej sta\u0107 b\u0119d\u0105 le\u017caki s\u0142u\u017c\u0105ce do odpr\u0119\u017cenia po zaj\u0119ciach szkolnych i praktykach. K\u0105cik ksi\u0105\u017cki przyczyni si\u0119 do rozwoju wyobra\u017ani uczestnik\u00f3w. \u015awietlica wyposa\u017cona zostanie w miejsce do gier, gdzie znajdzie si\u0119 mi\u0119dzy innymi nowy telewizor i x-box z wieloma nowo\u015bciami w \u015bwiecie gier. <\/p>\n\n\n\n<p> Z pomys\u0142em na odnowienie \u015bwietlicy wyszli wychowankowie Centrum g\u0142osuj\u0105c w ramach Mini Bud\u017cetu Obywatelskiego. Projekt ten uzyska\u0142 najwi\u0119cej g\u0142os\u00f3w i zosta\u0142 poparty przez kadr\u0119 oraz Dyrektora CKiW OHP.<\/p>\n\n\n\n<p>M\u0142odzie\u017c  wraz z instruktorami anga\u017cuje ca\u0142e swoje si\u0142y aby nowa \u015bwietlica zosta\u0142a otwarta jak najszybciej.<\/p>\n\n\n\n<figure class=\"wp-block-image\"><img loading=\"lazy\" decoding=\"async\" width=\"1024\" height=\"576\" src=\"https:\/\/ckiw-tarnow.ohp.pl\/wp-content\/uploads\/2020\/01\/82166945_448597969362011_4793567730110300160_n-1024x576.jpg\" alt=\"\" class=\"wp-image-8957\" srcset=\"https:\/\/ckiw-tarnow.ohp.pl\/wp-content\/uploads\/2020\/01\/82166945_448597969362011_4793567730110300160_n-1024x576.jpg 1024w, https:\/\/ckiw-tarnow.ohp.pl\/wp-content\/uploads\/2020\/01\/82166945_448597969362011_4793567730110300160_n-300x169.jpg 300w, https:\/\/ckiw-tarnow.ohp.pl\/wp-content\/uploads\/2020\/01\/82166945_448597969362011_4793567730110300160_n-768x432.jpg 768w\" sizes=\"auto, (max-width: 1024px) 100vw, 1024px\" \/><\/figure>\n\n\n\n<figure class=\"wp-block-image\"><img loading=\"lazy\" decoding=\"async\" width=\"1024\" height=\"625\" src=\"https:\/\/ckiw-tarnow.ohp.pl\/wp-content\/uploads\/2020\/01\/81529154_2556673174570540_6460432103757578240_n-1024x625.jpg\" alt=\"\" class=\"wp-image-8954\" srcset=\"https:\/\/ckiw-tarnow.ohp.pl\/wp-content\/uploads\/2020\/01\/81529154_2556673174570540_6460432103757578240_n-1024x625.jpg 1024w, https:\/\/ckiw-tarnow.ohp.pl\/wp-content\/uploads\/2020\/01\/81529154_2556673174570540_6460432103757578240_n-300x183.jpg 300w, https:\/\/ckiw-tarnow.ohp.pl\/wp-content\/uploads\/2020\/01\/81529154_2556673174570540_6460432103757578240_n-768x469.jpg 768w\" sizes=\"auto, (max-width: 1024px) 100vw, 1024px\" \/><\/figure>\n\n\n\n<figure class=\"wp-block-image\"><img loading=\"lazy\" decoding=\"async\" width=\"1024\" height=\"576\" src=\"https:\/\/ckiw-tarnow.ohp.pl\/wp-content\/uploads\/2020\/01\/81939786_436209767257012_2817650897255923712_n-1024x576.jpg\" alt=\"\" class=\"wp-image-8955\" srcset=\"https:\/\/ckiw-tarnow.ohp.pl\/wp-content\/uploads\/2020\/01\/81939786_436209767257012_2817650897255923712_n-1024x576.jpg 1024w, https:\/\/ckiw-tarnow.ohp.pl\/wp-content\/uploads\/2020\/01\/81939786_436209767257012_2817650897255923712_n-300x169.jpg 300w, https:\/\/ckiw-tarnow.ohp.pl\/wp-content\/uploads\/2020\/01\/81939786_436209767257012_2817650897255923712_n-768x432.jpg 768w\" sizes=\"auto, (max-width: 1024px) 100vw, 1024px\" \/><\/figure>\n","protected":false},"excerpt":{"rendered":"<p>Pe\u0142n\u0105 par\u0105 ruszy\u0142 remont \u015bwietlicy \u015brodowiskowej w Centrum Kszta\u0142cenia i Wychowania OHP w Tarnowie. \u015aciany zostan\u0105 wyg\u0142adzone i uzyskaj\u0105 nowy kolor, po\u0142o\u017cona zostanie fototapeta. Wstawione zostan\u0105 nowe meble, powstanie strefa relaksu, w kt\u00f3rej sta\u0107 b\u0119d\u0105 le\u017caki s\u0142u\u017c\u0105ce do odpr\u0119\u017cenia po zaj\u0119ciach szkolnych i praktykach. K\u0105cik ksi\u0105\u017cki przyczyni si\u0119 do rozwoju wyobra\u017ani uczestnik\u00f3w. \u015awietlica wyposa\u017cona zostanie [&hellip;]<\/p>\n","protected":false},"author":8,"featured_media":8956,"comment_status":"closed","ping_status":"closed","sticky":false,"template":"","format":"standard","meta":{"footnotes":""},"categories":[2],"tags":[],"class_list":["post-8952","post","type-post","status-publish","format-standard","has-post-thumbnail","hentry","category-aktualnosci"],"_links":{"self":[{"href":"https:\/\/ckiw-tarnow.ohp.pl\/index.php\/wp-json\/wp\/v2\/posts\/8952","targetHints":{"allow":["GET"]}}],"collection":[{"href":"https:\/\/ckiw-tarnow.ohp.pl\/index.php\/wp-json\/wp\/v2\/posts"}],"about":[{"href":"https:\/\/ckiw-tarnow.ohp.pl\/index.php\/wp-json\/wp\/v2\/types\/post"}],"author":[{"embeddable":true,"href":"https:\/\/ckiw-tarnow.ohp.pl\/index.php\/wp-json\/wp\/v2\/users\/8"}],"replies":[{"embeddable":true,"href":"https:\/\/ckiw-tarnow.ohp.pl\/index.php\/wp-json\/wp\/v2\/comments?post=8952"}],"version-history":[{"count":4,"href":"https:\/\/ckiw-tarnow.ohp.pl\/index.php\/wp-json\/wp\/v2\/posts\/8952\/revisions"}],"predecessor-version":[{"id":8962,"href":"https:\/\/ckiw-tarnow.ohp.pl\/index.php\/wp-json\/wp\/v2\/posts\/8952\/revisions\/8962"}],"wp:featuredmedia":[{"embeddable":true,"href":"https:\/\/ckiw-tarnow.ohp.pl\/index.php\/wp-json\/wp\/v2\/media\/8956"}],"wp:attachment":[{"href":"https:\/\/ckiw-tarnow.ohp.pl\/index.php\/wp-json\/wp\/v2\/media?parent=8952"}],"wp:term":[{"taxonomy":"category","embeddable":true,"href":"https:\/\/ckiw-tarnow.ohp.pl\/index.php\/wp-json\/wp\/v2\/categories?post=8952"},{"taxonomy":"post_tag","embeddable":true,"href":"https:\/\/ckiw-tarnow.ohp.pl\/index.php\/wp-json\/wp\/v2\/tags?post=8952"}],"curies":[{"name":"wp","href":"https:\/\/api.w.org\/{rel}","templated":true}]}}