{"id":9390,"date":"2020-05-03T11:00:09","date_gmt":"2020-05-03T09:00:09","guid":{"rendered":"http:\/\/ckiw-tarnow.ohp.pl\/?p=9390"},"modified":"2020-05-03T11:00:10","modified_gmt":"2020-05-03T09:00:10","slug":"wiwat-maj-trzeci-maj","status":"publish","type":"post","link":"https:\/\/ckiw-tarnow.ohp.pl\/index.php\/2020\/05\/03\/wiwat-maj-trzeci-maj\/","title":{"rendered":"Wiwat Maj ! Trzeci Maj !"},"content":{"rendered":"\n<p>M\u0142odzie\u017c z tarnowskiego Centrum ka\u017cdego roku podejmowa\u0142a dzia\u0142anie maj\u0105ce na celu uczczenie \u015awi\u0119ta Konstytucji. Tradycj\u0105 by\u0142o w\u0142asnor\u0119czne wykonanie kotylion\u00f3w i obdarowywanie nimi mieszka\u0144c\u00f3w Tarnowa. Odbywa\u0142y si\u0119 uroczyste akademie, a w 2017 roku wychowankowie wraz z kadr\u0105 uczcili \u015awi\u0119to 3-go maja bior\u0105c udzia\u0142 w marszu nordic &#8211; walking. W tym roku ze wzgl\u0119du na zagro\u017cenie zara\u017ceniem koronawirusem musimy zosta\u0107 w domu.<\/p>\n\n\n\n<p>3-go maja 1791 roku uchwalono pierwsz\u0105 polsk\u0105 ustaw\u0119 reguluj\u0105c\u0105 ustr\u00f3j Rzeczypospolitej, Konstytucj\u0119. By\u0142a drug\u0105 po korsyka\u0144skiej konstytucj\u0105 w nowo\u017cytnej Europie, a na \u015bwiecie trzeci\u0105 po ameryka\u0144skiej. Konstytucja zosta\u0142a uchwalona przez Sejm Czteroletni.<br><\/p>\n\n\n\n<figure class=\"wp-block-image\"><img loading=\"lazy\" decoding=\"async\" width=\"690\" height=\"377\" src=\"https:\/\/ckiw-tarnow.ohp.pl\/wp-content\/uploads\/2020\/05\/DSC_0061-690x377.jpg\" alt=\"\" class=\"wp-image-9392\" srcset=\"https:\/\/ckiw-tarnow.ohp.pl\/wp-content\/uploads\/2020\/05\/DSC_0061-690x377.jpg 690w, https:\/\/ckiw-tarnow.ohp.pl\/wp-content\/uploads\/2020\/05\/DSC_0061-690x377-300x164.jpg 300w\" sizes=\"auto, (max-width: 690px) 100vw, 690px\" \/><\/figure>\n\n\n\n<figure class=\"wp-block-image\"><img loading=\"lazy\" decoding=\"async\" width=\"690\" height=\"377\" src=\"https:\/\/ckiw-tarnow.ohp.pl\/wp-content\/uploads\/2020\/05\/31355901_432970517125244_4874456288009912320_n-690x377.jpg\" alt=\"\" class=\"wp-image-9391\" srcset=\"https:\/\/ckiw-tarnow.ohp.pl\/wp-content\/uploads\/2020\/05\/31355901_432970517125244_4874456288009912320_n-690x377.jpg 690w, https:\/\/ckiw-tarnow.ohp.pl\/wp-content\/uploads\/2020\/05\/31355901_432970517125244_4874456288009912320_n-690x377-300x164.jpg 300w\" sizes=\"auto, (max-width: 690px) 100vw, 690px\" \/><\/figure>\n\n\n\n<figure class=\"wp-block-image\"><img loading=\"lazy\" decoding=\"async\" width=\"1024\" height=\"768\" src=\"https:\/\/ckiw-tarnow.ohp.pl\/wp-content\/uploads\/2020\/05\/20170427_101352-1024x768.jpg\" alt=\"\" class=\"wp-image-9393\" srcset=\"https:\/\/ckiw-tarnow.ohp.pl\/wp-content\/uploads\/2020\/05\/20170427_101352-1024x768.jpg 1024w, https:\/\/ckiw-tarnow.ohp.pl\/wp-content\/uploads\/2020\/05\/20170427_101352-300x225.jpg 300w, https:\/\/ckiw-tarnow.ohp.pl\/wp-content\/uploads\/2020\/05\/20170427_101352-768x576.jpg 768w\" sizes=\"auto, (max-width: 1024px) 100vw, 1024px\" \/><\/figure>\n\n\n\n<figure class=\"wp-block-image\"><img loading=\"lazy\" decoding=\"async\" width=\"1024\" height=\"576\" src=\"https:\/\/ckiw-tarnow.ohp.pl\/wp-content\/uploads\/2020\/05\/20170427_102550-1024x576.jpg\" alt=\"\" class=\"wp-image-9395\" srcset=\"https:\/\/ckiw-tarnow.ohp.pl\/wp-content\/uploads\/2020\/05\/20170427_102550-1024x576.jpg 1024w, https:\/\/ckiw-tarnow.ohp.pl\/wp-content\/uploads\/2020\/05\/20170427_102550-300x169.jpg 300w, https:\/\/ckiw-tarnow.ohp.pl\/wp-content\/uploads\/2020\/05\/20170427_102550-768x432.jpg 768w\" sizes=\"auto, (max-width: 1024px) 100vw, 1024px\" \/><\/figure>\n","protected":false},"excerpt":{"rendered":"<p>M\u0142odzie\u017c z tarnowskiego Centrum ka\u017cdego roku podejmowa\u0142a dzia\u0142anie maj\u0105ce na celu uczczenie \u015awi\u0119ta Konstytucji. Tradycj\u0105 by\u0142o w\u0142asnor\u0119czne wykonanie kotylion\u00f3w i obdarowywanie nimi mieszka\u0144c\u00f3w Tarnowa. Odbywa\u0142y si\u0119 uroczyste akademie, a w 2017 roku wychowankowie wraz z kadr\u0105 uczcili \u015awi\u0119to 3-go maja bior\u0105c udzia\u0142 w marszu nordic &#8211; walking. W tym roku ze wzgl\u0119du na zagro\u017cenie zara\u017ceniem [&hellip;]<\/p>\n","protected":false},"author":8,"featured_media":9394,"comment_status":"closed","ping_status":"closed","sticky":false,"template":"","format":"standard","meta":{"footnotes":""},"categories":[2],"tags":[],"class_list":["post-9390","post","type-post","status-publish","format-standard","has-post-thumbnail","hentry","category-aktualnosci"],"_links":{"self":[{"href":"https:\/\/ckiw-tarnow.ohp.pl\/index.php\/wp-json\/wp\/v2\/posts\/9390","targetHints":{"allow":["GET"]}}],"collection":[{"href":"https:\/\/ckiw-tarnow.ohp.pl\/index.php\/wp-json\/wp\/v2\/posts"}],"about":[{"href":"https:\/\/ckiw-tarnow.ohp.pl\/index.php\/wp-json\/wp\/v2\/types\/post"}],"author":[{"embeddable":true,"href":"https:\/\/ckiw-tarnow.ohp.pl\/index.php\/wp-json\/wp\/v2\/users\/8"}],"replies":[{"embeddable":true,"href":"https:\/\/ckiw-tarnow.ohp.pl\/index.php\/wp-json\/wp\/v2\/comments?post=9390"}],"version-history":[{"count":1,"href":"https:\/\/ckiw-tarnow.ohp.pl\/index.php\/wp-json\/wp\/v2\/posts\/9390\/revisions"}],"predecessor-version":[{"id":9396,"href":"https:\/\/ckiw-tarnow.ohp.pl\/index.php\/wp-json\/wp\/v2\/posts\/9390\/revisions\/9396"}],"wp:featuredmedia":[{"embeddable":true,"href":"https:\/\/ckiw-tarnow.ohp.pl\/index.php\/wp-json\/wp\/v2\/media\/9394"}],"wp:attachment":[{"href":"https:\/\/ckiw-tarnow.ohp.pl\/index.php\/wp-json\/wp\/v2\/media?parent=9390"}],"wp:term":[{"taxonomy":"category","embeddable":true,"href":"https:\/\/ckiw-tarnow.ohp.pl\/index.php\/wp-json\/wp\/v2\/categories?post=9390"},{"taxonomy":"post_tag","embeddable":true,"href":"https:\/\/ckiw-tarnow.ohp.pl\/index.php\/wp-json\/wp\/v2\/tags?post=9390"}],"curies":[{"name":"wp","href":"https:\/\/api.w.org\/{rel}","templated":true}]}}