{"id":9635,"date":"2020-07-27T08:14:34","date_gmt":"2020-07-27T06:14:34","guid":{"rendered":"http:\/\/ckiw-tarnow.ohp.pl\/?p=9635"},"modified":"2020-09-04T09:51:18","modified_gmt":"2020-09-04T07:51:18","slug":"tarnow-ambasadorem-edukacji-europejskiej","status":"publish","type":"post","link":"https:\/\/ckiw-tarnow.ohp.pl\/index.php\/2020\/07\/27\/tarnow-ambasadorem-edukacji-europejskiej\/","title":{"rendered":"Tarn\u00f3w ambasadorem edukacji europejskiej"},"content":{"rendered":"\n<p><strong>Darmowe studia w innych europejskich krajach, praktyki zawodowe czy p\u0142atne sta\u017ce u zagranicznych pracodawc\u00f3w \u2013 takie korzy\u015bci p\u0142yn\u0105 z mi\u0119dzynarodowych projekt\u00f3w edukacyjnych.<\/strong><\/p>\n\n\n\n<p>Do udzia\u0142u w tych projektach b\u0119dzie zach\u0119ca\u0107 Centrum Kszta\u0142cenia i Wychowania OHP w Tarnowie, kt\u00f3re wygra\u0142o konkurs na Regionalny Punkt Informacyjny na rok 2020-2021, og\u0142oszony przez Fundacj\u0119 Rozwoju Systemu Edukacji.<\/p>\n\n\n\n<p>Ju\u017c od wrze\u015bnia ka\u017cdy b\u0119dzie m\u00f3g\u0142 przyj\u015b\u0107 do plac\u00f3wki przy ul. Mo\u015bcickiego aby dowiedzie\u0107 si\u0119 szczeg\u00f3\u0142\u00f3w na temat udzia\u0142u w tych projektach.&nbsp;A korzy\u015bci jest sporo.<\/p>\n\n\n\n<p>Dyrektor Centrum Kszta\u0142cenia i Wychowania OHP w Tarnowie, Andrzej Mizera, w programie S\u0142owo za S\u0142owo powiedzia\u0142, \u017ce dla m\u0142odych to przedsmak tego co czeka ich w przysz\u0142o\u015bci.&nbsp;Zagraniczne wyjazdy w czasie nauki pomagaj\u0105 m\u0142odym naby\u0107 nowe kompetencje: zawodowe, spo\u0142eczne i j\u0119zykowe.<\/p>\n\n\n\n<p><em>\u2013 To, \u017ce podszkol\u0105 j\u0119zyk to jest pierwsza rzecz, a druga to poznanie specyfiki i reali\u00f3w zawodowych, kt\u00f3re s\u0105 poza Polsk\u0105. To jest temat bardzo istotny, szczeg\u00f3lnie w czasach w kt\u00f3rych \u017cyjemy gdzie znaczna cz\u0119\u015b\u0107 polskiej m\u0142odzie\u017cy, znaczna cz\u0119\u015b\u0107 absolwent\u00f3w polskich szk\u00f3\u0142 zawodowych wyje\u017cd\u017ca za granic\u0119. Ju\u017c troszk\u0119 wcze\u015bniej mog\u0105 pozna\u0107 kultur\u0119 pracy, kultur\u0119 miejsca, a tak\u017ce organizacj\u0119 i schematy, kt\u00f3re wi\u0105\u017c\u0105 si\u0119 z zatrudnieniem w takim czy innym kraju.<\/em><\/p>\n\n\n\n<p>Dzi\u0119ki mi\u0119dzynarodowej wsp\u00f3\u0142pracy, uczniowie Centrum Kszta\u0142cenia i Wychowania OHP w Tarnowie, po raz pierwszy w nowym roku szkolnym wezm\u0105 udzia\u0142 w programie Erasmus+.<\/p>\n\n\n\n<p>16 uczni\u00f3w kszta\u0142c\u0105cych si\u0119 w zawodzie monter zabudowy i rob\u00f3t wyko\u0144czeniowych w budownictwie, \u015blusarz, fryzjer, cukiernik i kucharz b\u0119dzie mog\u0142o odby\u0107 miesi\u0119czne praktyki u pracodawc\u00f3w w Niemczech.<\/p>\n\n\n\n<p>Regionalne Punkty Informacyjne to instytucje, kt\u00f3re przy wsparciu FRSE realizuj\u0105 dzia\u0142ania upowszechniaj\u0105ce na temat edukacyjnych program\u00f3w i inicjatyw Unii Europejskiej, a w szczeg\u00f3lno\u015bci: programu Erasmus+, Europejskiego Korpusu Solidarno\u015bci, PO WER (Ponadnarodowa Mobilno\u015b\u0107 Uczni\u00f3w, Projekt Szansa), programu Edukacja i eTwinning.<\/p>\n\n\n\n<p>Jednym z g\u0142\u00f3wnych cel\u00f3w RPI jest dotarcie z informacj\u0105 do potencjalnych beneficjent\u00f3w w najmniejszych i najbardziej odleg\u0142ych miejscowo\u015bciach w Polsce.<\/p>\n\n\n\n<p>\u017ar\u00f3d\u0142o : www.rdn.pl<\/p>\n\n\n\n<figure><iframe loading=\"lazy\" src=\"https:\/\/www.youtube.com\/embed\/YxjKdMSkqEk?feature=oembed\" allowfullscreen=\"\" width=\"500\" height=\"281\"><\/iframe><\/figure>\n","protected":false},"excerpt":{"rendered":"<p>Darmowe studia w innych europejskich krajach, praktyki zawodowe czy p\u0142atne sta\u017ce u zagranicznych pracodawc\u00f3w \u2013 takie korzy\u015bci p\u0142yn\u0105 z mi\u0119dzynarodowych projekt\u00f3w edukacyjnych. Do udzia\u0142u w tych projektach b\u0119dzie zach\u0119ca\u0107 Centrum Kszta\u0142cenia i Wychowania OHP w Tarnowie, kt\u00f3re wygra\u0142o konkurs na Regionalny Punkt Informacyjny na rok 2020-2021, og\u0142oszony przez Fundacj\u0119 Rozwoju Systemu Edukacji. Ju\u017c od wrze\u015bnia [&hellip;]<\/p>\n","protected":false},"author":5,"featured_media":0,"comment_status":"closed","ping_status":"closed","sticky":false,"template":"","format":"standard","meta":{"footnotes":""},"categories":[2],"tags":[],"class_list":["post-9635","post","type-post","status-publish","format-standard","hentry","category-aktualnosci"],"_links":{"self":[{"href":"https:\/\/ckiw-tarnow.ohp.pl\/index.php\/wp-json\/wp\/v2\/posts\/9635","targetHints":{"allow":["GET"]}}],"collection":[{"href":"https:\/\/ckiw-tarnow.ohp.pl\/index.php\/wp-json\/wp\/v2\/posts"}],"about":[{"href":"https:\/\/ckiw-tarnow.ohp.pl\/index.php\/wp-json\/wp\/v2\/types\/post"}],"author":[{"embeddable":true,"href":"https:\/\/ckiw-tarnow.ohp.pl\/index.php\/wp-json\/wp\/v2\/users\/5"}],"replies":[{"embeddable":true,"href":"https:\/\/ckiw-tarnow.ohp.pl\/index.php\/wp-json\/wp\/v2\/comments?post=9635"}],"version-history":[{"count":1,"href":"https:\/\/ckiw-tarnow.ohp.pl\/index.php\/wp-json\/wp\/v2\/posts\/9635\/revisions"}],"predecessor-version":[{"id":9637,"href":"https:\/\/ckiw-tarnow.ohp.pl\/index.php\/wp-json\/wp\/v2\/posts\/9635\/revisions\/9637"}],"wp:attachment":[{"href":"https:\/\/ckiw-tarnow.ohp.pl\/index.php\/wp-json\/wp\/v2\/media?parent=9635"}],"wp:term":[{"taxonomy":"category","embeddable":true,"href":"https:\/\/ckiw-tarnow.ohp.pl\/index.php\/wp-json\/wp\/v2\/categories?post=9635"},{"taxonomy":"post_tag","embeddable":true,"href":"https:\/\/ckiw-tarnow.ohp.pl\/index.php\/wp-json\/wp\/v2\/tags?post=9635"}],"curies":[{"name":"wp","href":"https:\/\/api.w.org\/{rel}","templated":true}]}}