{"id":9689,"date":"2020-08-26T11:15:19","date_gmt":"2020-08-26T09:15:19","guid":{"rendered":"http:\/\/ckiw-tarnow.ohp.pl\/?p=9689"},"modified":"2020-08-26T11:15:20","modified_gmt":"2020-08-26T09:15:20","slug":"rozpoczecie-roku-szkolnego-2020-2021","status":"publish","type":"post","link":"https:\/\/ckiw-tarnow.ohp.pl\/index.php\/2020\/08\/26\/rozpoczecie-roku-szkolnego-2020-2021\/","title":{"rendered":"Rozpocz\u0119cie roku szkolnego 2020\/2021"},"content":{"rendered":"\n<p>        Do rozpocz\u0119cia nowego roku szkolnego pozosta\u0142o zaledwie kilka dni. Dlatego te\u017c przygotowali\u015bmy dla was kilka informacji zwi\u0105zanych z rozpocz\u0119cie zaj\u0119\u0107.<\/p>\n\n\n\n<ol class=\"wp-block-list\" type=\"1\"><li>Spotkanie organizacyjne dla rodzic\u00f3w\/opiekun\u00f3w <strong>wy\u0142\u0105cznie nowoprzyj\u0119tych<\/strong> uczestnik\u00f3w CKiW OHP w Tarnowie odb\u0119dzie si\u0119 w dniu 28.08.2020 o godz. 12.30 w Sali konferencyjnej Centrum.<\/li><\/ol>\n\n\n\n<ul class=\"wp-block-list\"><li>Kadra wychowawcza internatu b\u0119dzie oczekiwa\u0142a na przyjazd zakwaterowanych w Internacie uczestnik\u00f3w w dniu 31.08.2020 od godz. 14.00 do godzin wieczornych<\/li><\/ul>\n\n\n\n<ul class=\"wp-block-list\"><li>Rozpocz\u0119cie roku szkolnego w Zespole Szk\u00f3\u0142 Niepublicznych w Tarnowie przy ul. Mo\u015bcickiego 27 odb\u0119dzie si\u0119 w dniu 01.09.2020 r. o godz. 9.30 <strong>we wskazanych salach lekcyjnych<\/strong> przypisanych do poszczeg\u00f3lnych klas.<\/li><\/ul>\n\n\n\n<ul class=\"wp-block-list\"><li>Ch\u0119tnych do uczestnictwa we Mszy \u015bwi\u0119tej z okazji inauguracji roku szkolnego zapraszamy do ko\u015bcio\u0142a pw. \u015aw. Rodziny (ko\u015bci\u00f3\u0142 Misjonarzy) w Tarnowie w dniu 01.09.2020 r. o godz. 8.00<\/li><\/ul>\n\n\n\n<ul class=\"wp-block-list\"><li>Oficjalne powitanie uczestnik\u00f3w CKiW OHP w Tarnowie zakwaterowanych w Internacie odb\u0119dzie si\u0119 w dniu 01.09.2020 r. o godz. 13.00.<\/li><\/ul>\n\n\n\n<p>        W zwi\u0105zku z obecn\u0105 sytuacj\u0105 epidemiologiczn\u0105 prosimy o stosowanie si\u0119 do zalece\u0144 kadry oraz zachowywanie w miar\u0119 mo\u017cliwo\u015bci dystansu spo\u0142ecznego, u\u017cywania maseczek i dezynfekowania r\u0105k.<\/p>\n","protected":false},"excerpt":{"rendered":"<p>Do rozpocz\u0119cia nowego roku szkolnego pozosta\u0142o zaledwie kilka dni. Dlatego te\u017c przygotowali\u015bmy dla was kilka informacji zwi\u0105zanych z rozpocz\u0119cie zaj\u0119\u0107. Spotkanie organizacyjne dla rodzic\u00f3w\/opiekun\u00f3w wy\u0142\u0105cznie nowoprzyj\u0119tych uczestnik\u00f3w CKiW OHP w Tarnowie odb\u0119dzie si\u0119 w dniu 28.08.2020 o godz. 12.30 w Sali konferencyjnej Centrum. Kadra wychowawcza internatu b\u0119dzie oczekiwa\u0142a na przyjazd zakwaterowanych w Internacie uczestnik\u00f3w w [&hellip;]<\/p>\n","protected":false},"author":5,"featured_media":9692,"comment_status":"closed","ping_status":"closed","sticky":false,"template":"","format":"standard","meta":{"footnotes":""},"categories":[2],"tags":[],"class_list":["post-9689","post","type-post","status-publish","format-standard","has-post-thumbnail","hentry","category-aktualnosci"],"_links":{"self":[{"href":"https:\/\/ckiw-tarnow.ohp.pl\/index.php\/wp-json\/wp\/v2\/posts\/9689","targetHints":{"allow":["GET"]}}],"collection":[{"href":"https:\/\/ckiw-tarnow.ohp.pl\/index.php\/wp-json\/wp\/v2\/posts"}],"about":[{"href":"https:\/\/ckiw-tarnow.ohp.pl\/index.php\/wp-json\/wp\/v2\/types\/post"}],"author":[{"embeddable":true,"href":"https:\/\/ckiw-tarnow.ohp.pl\/index.php\/wp-json\/wp\/v2\/users\/5"}],"replies":[{"embeddable":true,"href":"https:\/\/ckiw-tarnow.ohp.pl\/index.php\/wp-json\/wp\/v2\/comments?post=9689"}],"version-history":[{"count":2,"href":"https:\/\/ckiw-tarnow.ohp.pl\/index.php\/wp-json\/wp\/v2\/posts\/9689\/revisions"}],"predecessor-version":[{"id":9694,"href":"https:\/\/ckiw-tarnow.ohp.pl\/index.php\/wp-json\/wp\/v2\/posts\/9689\/revisions\/9694"}],"wp:featuredmedia":[{"embeddable":true,"href":"https:\/\/ckiw-tarnow.ohp.pl\/index.php\/wp-json\/wp\/v2\/media\/9692"}],"wp:attachment":[{"href":"https:\/\/ckiw-tarnow.ohp.pl\/index.php\/wp-json\/wp\/v2\/media?parent=9689"}],"wp:term":[{"taxonomy":"category","embeddable":true,"href":"https:\/\/ckiw-tarnow.ohp.pl\/index.php\/wp-json\/wp\/v2\/categories?post=9689"},{"taxonomy":"post_tag","embeddable":true,"href":"https:\/\/ckiw-tarnow.ohp.pl\/index.php\/wp-json\/wp\/v2\/tags?post=9689"}],"curies":[{"name":"wp","href":"https:\/\/api.w.org\/{rel}","templated":true}]}}