{"id":9960,"date":"2020-10-23T08:07:25","date_gmt":"2020-10-23T06:07:25","guid":{"rendered":"http:\/\/ckiw-tarnow.ohp.pl\/?p=9960"},"modified":"2020-10-23T08:07:27","modified_gmt":"2020-10-23T06:07:27","slug":"mini-wystawa-w-jubileuszowym-roku-100-lecia-urodzin-papieza-jana-pawla-ii","status":"publish","type":"post","link":"https:\/\/ckiw-tarnow.ohp.pl\/index.php\/2020\/10\/23\/mini-wystawa-w-jubileuszowym-roku-100-lecia-urodzin-papieza-jana-pawla-ii\/","title":{"rendered":"Mini wystawa w jubileuszowym roku 100-lecia urodzin papie\u017ca Jana Paw\u0142a II"},"content":{"rendered":"\n<p>W zwi\u0105zku z setn\u0105 rocznic\u0105 urodzin papie\u017ca Jana Paw\u0142a II, oraz kolejna rocznic\u0105 wyboru Polaka na Stolic\u0119 Piotrow\u0105, w internacie CKiW OHP w Tarnowie zorganizowana zosta\u0142a wystawa po\u015bwi\u0119cona \u017cyciu, kap\u0142a\u0144stwu oraz pontyfikatowi Jana Paw\u0142a II. Pierwsza cz\u0119\u015b\u0107 wystawy przedstawia m\u0142odzie\u0144cze lata Karola Wojty\u0142y, lata okupacji II wojny \u015bwiatowej oraz drog\u0119 i przebieg jego kap\u0142a\u0144stwa. Druga cz\u0119\u015b\u0107 natomiast po\u015bwi\u0119cona jest przebiegowi jego 27- letniego pontyfikatu, w szczeg\u00f3lno\u015bci uwzgl\u0119dniaj\u0105c miejsca w Tarnowie, kt\u00f3re odwiedzi\u0142 Papie\u017c w dniach 9-10.06.1987r. podczas jego trzeciej pielgrzymki do naszego kraju.<\/p>\n\n\n\n<p>Tekst: Katarzyna Krzy\u017cak<\/p>\n\n\n\n<figure class=\"wp-block-image size-large\"><img loading=\"lazy\" decoding=\"async\" width=\"768\" height=\"1024\" src=\"https:\/\/ckiw-tarnow.ohp.pl\/wp-content\/uploads\/2020\/10\/20201022_093840-768x1024.jpg\" alt=\"\" class=\"wp-image-9961\" srcset=\"https:\/\/ckiw-tarnow.ohp.pl\/wp-content\/uploads\/2020\/10\/20201022_093840-768x1024.jpg 768w, https:\/\/ckiw-tarnow.ohp.pl\/wp-content\/uploads\/2020\/10\/20201022_093840-225x300.jpg 225w, https:\/\/ckiw-tarnow.ohp.pl\/wp-content\/uploads\/2020\/10\/20201022_093840-1152x1536.jpg 1152w, https:\/\/ckiw-tarnow.ohp.pl\/wp-content\/uploads\/2020\/10\/20201022_093840-1536x2048.jpg 1536w, https:\/\/ckiw-tarnow.ohp.pl\/wp-content\/uploads\/2020\/10\/20201022_093840-scaled.jpg 1920w\" sizes=\"auto, (max-width: 768px) 100vw, 768px\" \/><\/figure>\n\n\n\n<figure class=\"wp-block-image size-large\"><img loading=\"lazy\" decoding=\"async\" width=\"768\" height=\"1024\" src=\"https:\/\/ckiw-tarnow.ohp.pl\/wp-content\/uploads\/2020\/10\/20201022_093946-768x1024.jpg\" alt=\"\" class=\"wp-image-9962\" srcset=\"https:\/\/ckiw-tarnow.ohp.pl\/wp-content\/uploads\/2020\/10\/20201022_093946-768x1024.jpg 768w, https:\/\/ckiw-tarnow.ohp.pl\/wp-content\/uploads\/2020\/10\/20201022_093946-225x300.jpg 225w, https:\/\/ckiw-tarnow.ohp.pl\/wp-content\/uploads\/2020\/10\/20201022_093946-1152x1536.jpg 1152w, https:\/\/ckiw-tarnow.ohp.pl\/wp-content\/uploads\/2020\/10\/20201022_093946-1536x2048.jpg 1536w, https:\/\/ckiw-tarnow.ohp.pl\/wp-content\/uploads\/2020\/10\/20201022_093946-scaled.jpg 1920w\" sizes=\"auto, (max-width: 768px) 100vw, 768px\" \/><\/figure>\n\n\n\n<figure class=\"wp-block-image size-large\"><img loading=\"lazy\" decoding=\"async\" width=\"768\" height=\"1024\" src=\"https:\/\/ckiw-tarnow.ohp.pl\/wp-content\/uploads\/2020\/10\/20201023_080233-768x1024.jpg\" alt=\"\" class=\"wp-image-9963\" srcset=\"https:\/\/ckiw-tarnow.ohp.pl\/wp-content\/uploads\/2020\/10\/20201023_080233-768x1024.jpg 768w, https:\/\/ckiw-tarnow.ohp.pl\/wp-content\/uploads\/2020\/10\/20201023_080233-225x300.jpg 225w, https:\/\/ckiw-tarnow.ohp.pl\/wp-content\/uploads\/2020\/10\/20201023_080233-1152x1536.jpg 1152w, https:\/\/ckiw-tarnow.ohp.pl\/wp-content\/uploads\/2020\/10\/20201023_080233-1536x2048.jpg 1536w, https:\/\/ckiw-tarnow.ohp.pl\/wp-content\/uploads\/2020\/10\/20201023_080233-scaled.jpg 1920w\" sizes=\"auto, (max-width: 768px) 100vw, 768px\" \/><\/figure>\n","protected":false},"excerpt":{"rendered":"<p>W zwi\u0105zku z setn\u0105 rocznic\u0105 urodzin papie\u017ca Jana Paw\u0142a II, oraz kolejna rocznic\u0105 wyboru Polaka na Stolic\u0119 Piotrow\u0105, w internacie CKiW OHP w Tarnowie zorganizowana zosta\u0142a wystawa po\u015bwi\u0119cona \u017cyciu, kap\u0142a\u0144stwu oraz pontyfikatowi Jana Paw\u0142a II. Pierwsza cz\u0119\u015b\u0107 wystawy przedstawia m\u0142odzie\u0144cze lata Karola Wojty\u0142y, lata okupacji II wojny \u015bwiatowej oraz drog\u0119 i przebieg jego kap\u0142a\u0144stwa. Druga [&hellip;]<\/p>\n","protected":false},"author":8,"featured_media":9964,"comment_status":"closed","ping_status":"closed","sticky":false,"template":"","format":"standard","meta":{"footnotes":""},"categories":[2],"tags":[],"class_list":["post-9960","post","type-post","status-publish","format-standard","has-post-thumbnail","hentry","category-aktualnosci"],"_links":{"self":[{"href":"https:\/\/ckiw-tarnow.ohp.pl\/index.php\/wp-json\/wp\/v2\/posts\/9960","targetHints":{"allow":["GET"]}}],"collection":[{"href":"https:\/\/ckiw-tarnow.ohp.pl\/index.php\/wp-json\/wp\/v2\/posts"}],"about":[{"href":"https:\/\/ckiw-tarnow.ohp.pl\/index.php\/wp-json\/wp\/v2\/types\/post"}],"author":[{"embeddable":true,"href":"https:\/\/ckiw-tarnow.ohp.pl\/index.php\/wp-json\/wp\/v2\/users\/8"}],"replies":[{"embeddable":true,"href":"https:\/\/ckiw-tarnow.ohp.pl\/index.php\/wp-json\/wp\/v2\/comments?post=9960"}],"version-history":[{"count":1,"href":"https:\/\/ckiw-tarnow.ohp.pl\/index.php\/wp-json\/wp\/v2\/posts\/9960\/revisions"}],"predecessor-version":[{"id":9965,"href":"https:\/\/ckiw-tarnow.ohp.pl\/index.php\/wp-json\/wp\/v2\/posts\/9960\/revisions\/9965"}],"wp:featuredmedia":[{"embeddable":true,"href":"https:\/\/ckiw-tarnow.ohp.pl\/index.php\/wp-json\/wp\/v2\/media\/9964"}],"wp:attachment":[{"href":"https:\/\/ckiw-tarnow.ohp.pl\/index.php\/wp-json\/wp\/v2\/media?parent=9960"}],"wp:term":[{"taxonomy":"category","embeddable":true,"href":"https:\/\/ckiw-tarnow.ohp.pl\/index.php\/wp-json\/wp\/v2\/categories?post=9960"},{"taxonomy":"post_tag","embeddable":true,"href":"https:\/\/ckiw-tarnow.ohp.pl\/index.php\/wp-json\/wp\/v2\/tags?post=9960"}],"curies":[{"name":"wp","href":"https:\/\/api.w.org\/{rel}","templated":true}]}}