{"id":9993,"date":"2020-10-30T08:51:22","date_gmt":"2020-10-30T07:51:22","guid":{"rendered":"http:\/\/ckiw-tarnow.ohp.pl\/?p=9993"},"modified":"2020-11-09T12:59:13","modified_gmt":"2020-11-09T11:59:13","slug":"praktycznie-po-sukces-z-programem-erasmus","status":"publish","type":"post","link":"https:\/\/ckiw-tarnow.ohp.pl\/index.php\/2020\/10\/30\/praktycznie-po-sukces-z-programem-erasmus\/","title":{"rendered":"\u201ePraktycznie po sukces\u201d z programem Erasmus+"},"content":{"rendered":"\n<p>Centrum Kszta\u0142cenia i Wychowania rozpocz\u0119\u0142o realizacj\u0119 projektu pt: \u201ePraktycznie po sukces\u201d z programu Erasmus+, kszta\u0142cenie i szkolenia zawodowe.<\/p>\n\n\n\n<p>Realizacja projektu ma na celu podnoszenie umiej\u0119tno\u015bci i kompetencji zawodowych uczni\u00f3w oraz zdobycie wiedzy i poznanie reali\u00f3w pracy w zagranicznym zak\u0142adzie pracy.<\/p>\n\n\n\n<p>W projekcie udzia\u0142 we\u017amie 16 uczni\u00f3w: 4 uczni\u00f3w pobieraj\u0105cych nauk\u0119 w zawodzie monter zabudowy i rob\u00f3t wyko\u0144czeniowych w budownictwie, 4 uczni\u00f3w w zawodzie \u015blusarz, 4 uczni\u00f3w w zawodzie fryzjer, 2 uczni\u00f3w w zawodzie cukiernik i 2 uczni\u00f3w w zawodzie kucharz.<\/p>\n\n\n\n<p>Uczestnicy wezm\u0105 udzia\u0142 w 4-tygodniowych praktykach w Niemczech. Przed wyjazdem ka\u017cdy z nich otrzyma odpowiednie przygotowanie j\u0119zykowe, kulturowe i psychologiczne przygotowuj\u0105ce do wyjazdu na praktyki.<\/p>\n\n\n\n<p>Tekst: Agnieszka Hajduk<\/p>\n\n\n\n<p><strong>ZAPRASZAMY<\/strong><\/p>\n\n\n\n<p>Do udzia\u0142u w projekcie Erasmus+ na praktyki zawodowe w Niemczech<\/p>\n\n\n\n<p>PT:\u201ePRAKTYCZNIE PO SUKCES\u201d<\/p>\n\n\n\n<p><strong>Uczni\u00f3w kierunk\u00f3w:<\/strong><\/p>\n\n\n\n<ul class=\"wp-block-list\"><li><strong>monter zabudowy i rob\u00f3t wyko<\/strong><strong>\u0144<\/strong><strong>czeniowych w budownictwie<\/strong><\/li><li><strong>\u015b<\/strong><strong>lusarz<\/strong><\/li><li><strong>fryzjer<\/strong><\/li><li><strong>cukiernik<\/strong><\/li><li><strong>kucharz&nbsp;&nbsp;&nbsp;&nbsp;&nbsp;&nbsp;&nbsp;&nbsp;&nbsp;&nbsp;&nbsp;&nbsp;&nbsp;&nbsp;&nbsp;&nbsp;&nbsp;&nbsp;&nbsp;&nbsp;&nbsp;&nbsp;&nbsp;&nbsp;&nbsp;&nbsp;&nbsp;&nbsp;&nbsp;&nbsp;&nbsp;&nbsp;&nbsp;&nbsp;&nbsp;&nbsp;&nbsp;&nbsp;&nbsp;&nbsp;&nbsp;&nbsp;&nbsp;&nbsp;&nbsp;&nbsp;&nbsp;&nbsp;&nbsp;&nbsp;&nbsp;&nbsp;&nbsp;&nbsp;&nbsp;&nbsp;&nbsp;&nbsp;&nbsp;&nbsp;&nbsp;&nbsp;&nbsp;&nbsp;&nbsp;&nbsp;&nbsp;&nbsp;&nbsp;&nbsp;&nbsp;<\/strong><\/li><\/ul>\n\n\n\n<p>Miejsce praktyk: <strong>NIEMCY<\/strong><\/p>\n\n\n\n<p>W ramach projektu zapewniamy:<\/p>\n\n\n\n<ul class=\"wp-block-list\"><li>Przygotowanie kulturowe, pedagogiczne oraz wsparcie j\u0119zykowe poprzez europejsk\u0105 platform\u0119 OLS przed wyjazdem<\/li><li>Zakwaterowanie, wy\u017cywienie, transport, ubezpieczenie, kieszonkowe<\/li><li>Atrakcyjny program sp\u0119dzania czasu wolnego, w tym wycieczki<\/li><li>Praktyki w niemieckich zak\u0142adach pracy<\/li><li>Uzyskanie dyplomu EUROPASS MOBILITY, potwierdzenie udzia\u0142u w projekcie<\/li><\/ul>\n\n\n\n<p><strong>UDZIA\u0141 W PROJEKKCIE JEST&nbsp; BEZP\u0141ATNY !!!<\/strong><\/p>\n\n\n\n<p>W sprawie udzia\u0142u w projekcie zapraszamy do kontaktu poprzez osoby:<\/p>\n\n\n\n<p>Pani Agnieszka Hajduk<\/p>\n\n\n\n<p>Wychowawcy<\/p>\n\n\n\n<p>Instruktorzy praktycznej nauki zawodu<\/p>\n\n\n\n<figure class=\"wp-block-image size-large\"><img loading=\"lazy\" decoding=\"async\" width=\"1024\" height=\"292\" src=\"https:\/\/ckiw-tarnow.ohp.pl\/wp-content\/uploads\/2020\/06\/EU-flag-Erasmus_vect_POS-1024x292.jpg\" alt=\"\" class=\"wp-image-9598\" srcset=\"https:\/\/ckiw-tarnow.ohp.pl\/wp-content\/uploads\/2020\/06\/EU-flag-Erasmus_vect_POS-1024x292.jpg 1024w, https:\/\/ckiw-tarnow.ohp.pl\/wp-content\/uploads\/2020\/06\/EU-flag-Erasmus_vect_POS-300x86.jpg 300w, https:\/\/ckiw-tarnow.ohp.pl\/wp-content\/uploads\/2020\/06\/EU-flag-Erasmus_vect_POS-768x219.jpg 768w, https:\/\/ckiw-tarnow.ohp.pl\/wp-content\/uploads\/2020\/06\/EU-flag-Erasmus_vect_POS-1536x439.jpg 1536w, https:\/\/ckiw-tarnow.ohp.pl\/wp-content\/uploads\/2020\/06\/EU-flag-Erasmus_vect_POS.jpg 1964w\" sizes=\"auto, (max-width: 1024px) 100vw, 1024px\" \/><\/figure>\n","protected":false},"excerpt":{"rendered":"<p>Centrum Kszta\u0142cenia i Wychowania rozpocz\u0119\u0142o realizacj\u0119 projektu pt: \u201ePraktycznie po sukces\u201d z programu Erasmus+, kszta\u0142cenie i szkolenia zawodowe. Realizacja projektu ma na celu podnoszenie umiej\u0119tno\u015bci i kompetencji zawodowych uczni\u00f3w oraz zdobycie wiedzy i poznanie reali\u00f3w pracy w zagranicznym zak\u0142adzie pracy. W projekcie udzia\u0142 we\u017amie 16 uczni\u00f3w: 4 uczni\u00f3w pobieraj\u0105cych nauk\u0119 w zawodzie monter zabudowy i [&hellip;]<\/p>\n","protected":false},"author":8,"featured_media":9575,"comment_status":"closed","ping_status":"closed","sticky":false,"template":"","format":"standard","meta":{"footnotes":""},"categories":[2,7],"tags":[],"class_list":["post-9993","post","type-post","status-publish","format-standard","has-post-thumbnail","hentry","category-aktualnosci","category-projekty_ue"],"_links":{"self":[{"href":"https:\/\/ckiw-tarnow.ohp.pl\/index.php\/wp-json\/wp\/v2\/posts\/9993","targetHints":{"allow":["GET"]}}],"collection":[{"href":"https:\/\/ckiw-tarnow.ohp.pl\/index.php\/wp-json\/wp\/v2\/posts"}],"about":[{"href":"https:\/\/ckiw-tarnow.ohp.pl\/index.php\/wp-json\/wp\/v2\/types\/post"}],"author":[{"embeddable":true,"href":"https:\/\/ckiw-tarnow.ohp.pl\/index.php\/wp-json\/wp\/v2\/users\/8"}],"replies":[{"embeddable":true,"href":"https:\/\/ckiw-tarnow.ohp.pl\/index.php\/wp-json\/wp\/v2\/comments?post=9993"}],"version-history":[{"count":4,"href":"https:\/\/ckiw-tarnow.ohp.pl\/index.php\/wp-json\/wp\/v2\/posts\/9993\/revisions"}],"predecessor-version":[{"id":10033,"href":"https:\/\/ckiw-tarnow.ohp.pl\/index.php\/wp-json\/wp\/v2\/posts\/9993\/revisions\/10033"}],"wp:featuredmedia":[{"embeddable":true,"href":"https:\/\/ckiw-tarnow.ohp.pl\/index.php\/wp-json\/wp\/v2\/media\/9575"}],"wp:attachment":[{"href":"https:\/\/ckiw-tarnow.ohp.pl\/index.php\/wp-json\/wp\/v2\/media?parent=9993"}],"wp:term":[{"taxonomy":"category","embeddable":true,"href":"https:\/\/ckiw-tarnow.ohp.pl\/index.php\/wp-json\/wp\/v2\/categories?post=9993"},{"taxonomy":"post_tag","embeddable":true,"href":"https:\/\/ckiw-tarnow.ohp.pl\/index.php\/wp-json\/wp\/v2\/tags?post=9993"}],"curies":[{"name":"wp","href":"https:\/\/api.w.org\/{rel}","templated":true}]}}